{"id":9667,"date":"2024-11-03T16:49:42","date_gmt":"2024-11-03T16:49:42","guid":{"rendered":"https:\/\/gurtner.net\/?p=9667"},"modified":"2024-11-24T21:08:02","modified_gmt":"2024-11-24T21:08:02","slug":"de-retour-en-suisse","status":"publish","type":"post","link":"https:\/\/gurtner.net\/index.php\/2024\/11\/03\/de-retour-en-suisse\/","title":{"rendered":"De retour en Suisse"},"content":{"rendered":"\n<p>Longtemps li\u00e9 \u00e0 un point d\u2019interrogation, notre vol retour a finalement \u00e9t\u00e9 r\u00e9serv\u00e9 le 25 ao\u00fbt. Le sous-locataire ayant d\u00e9cid\u00e9 de quitter l\u2019appartement \u00e0 fin ao\u00fbt d\u00e9j\u00e0, notre rentr\u00e9e en Suisse \u00e9tait in\u00e9luctable. Car c\u2019est finalement gr\u00e2ce \u00e0 cette sous-location que nous avons pu financer un aussi long voyage. Il s\u2019agissait donc d\u2019une obligation mat\u00e9rielle, et absolument pas d\u2019un retour conditionn\u00e9 par le mal du pays ou une quelconque envie de retrouver le sol suisse. Tout au long de notre p\u00e9riple, nous nous sommes sentis \u00e0 l\u2019aise et en s\u00e9curit\u00e9 partout, en phase avec la population locale, qui nous a toujours r\u00e9serv\u00e9 un accueil magnifique. Nous aurions donc volontiers continu\u00e9 notre voyage (par exemple au Mexique ou \u00e0 Cuba), pour autant que notre sous-locataire nous ait demand\u00e9 une prolongation du contrat. Mais tel n\u2019a pas \u00e9t\u00e9 le cas et une fois le vol retour programm\u00e9, nous nous sommes r\u00e9jouis de retrouver notre famille, nos amis et notre appartement.<\/p>\n\n\n\n<p>Partis de San Jos\u00e9 le 29 septembre vers 16h00, nous avons atterri environ 10 heures plus tard \u00e0 Madrid, le 30 septembre aux alentours des 10h30 (heure locale). Apr\u00e8s une longue escale, nous sommes repartis vers 19h00, pour arriver \u00e0 Gen\u00e8ve vers 21h00. Et l\u00e0, pour \u00e9viter tout stress, nous nous sommes repos\u00e9s de ce long voyage dans un h\u00f4tel proche de l\u2019a\u00e9roport, avant de prendre le train pour Bienne le lendemain \u00e0 09h02 pr\u00e9cises (une pr\u00e9cision dont nous avions largement perdu l\u2019habitude en Am\u00e9rique latine!).<\/p>\n\n\n\n<h3 class=\"wp-block-heading has-text-color has-link-color wp-elements-431eb3f8f2b9a1c303575cc3852406af\" style=\"color:#b83052\">Nos conclusions<\/h3>\n\n\n\n<p class=\"has-medium-font-size\"><strong>Sonja<\/strong>: <\/p>\n\n\n\n<p>Heureux qui, comme Ulysse, a fait un beau voyage ! Le n\u00f4tre a \u00e9t\u00e9 magique. D&rsquo;abord parce que nous \u00e9tions en couple pour partager nos impressions, nous \u00e9merveiller de concert et d\u00e9couvrir toutes ces autres cultures et surtout leurs habitants. Faire de belles rencontres, partager leur joie de vivre, leur musique, leur alimentation, leurs horaires de \u00ab\u00a0l&rsquo;\u00e0 peu pr\u00e8s\u00a0\u00bb, un autre monde pour nous, joyeux, color\u00e9 et ouvert aux touristes que nous \u00e9tions. R\u00e9ussite ensuite pour tous ces magnifiques paysages dont nous r\u00eavions et dont avons foul\u00e9 le sol en \u00e9tant si proche de la faune \u00e0 pouvoir la toucher- comme aux \u00eeles Gal\u00e1pagos &#8211; ou transporter des si\u00e8cles en arri\u00e8re &#8211; au Matchu Pichou ! Sans oublier la journ\u00e9e dans la for\u00eat amazonienne avec un indien quechua qui nous a fourni un aper\u00e7u de leur riche culture.<\/p>\n\n\n\n<p>Impossible de d\u00e9crire toutes les beaut\u00e9s que avons d\u00e9couvertes, les mots manquent pour en rendre compte ! Et tout cela &#8211; \u00e0 de rares exceptions pr\u00e8s comme au d\u00e9sert d\u2019Atacama &#8211; avec des temp\u00e9ratures estivales. Que souhaiter de plus, sinon d&rsquo;y retourner encore et encore&#8230; aussi pour ne pas oublier cette langue que j&rsquo;aime et que j&rsquo;ai pratiqu\u00e9 avec tant de plaisir&#8230; j&rsquo;ai nomm\u00e9 l&rsquo;espagnol!!<\/p>\n\n\n\n<p><strong>Roland<\/strong>:<\/p>\n\n\n\n<p>\u00ab\u00a0Ah, vous \u00eates de retour? Alors, comment c\u2019\u00e9tait? \u00c7a fait longtemps! Vous \u00eates rentr\u00e9s quand? Pas trop dur de revenir au froid?\u00a0\u00bb: telles \u00e9taient principalement les r\u00e9actions des personnes que nous retrouvions pour la premi\u00e8re fois depuis notre d\u00e9part. Au fond, notre retour s\u2019est pass\u00e9 le plus normalement du monde. Toutefois, au moment de survoler Gen\u00e8ve, j\u2019ai \u00e9t\u00e9 bri\u00e8vement pris d\u2019une \u00e9motion \u00e0 laquelle je ne m\u2019attendais pas du tout: un sentiment \u00e9trange fait \u00e0 la fois de joie et de tristesse. Je retrouvais mon pays, l&rsquo;endroit o\u00f9 j&rsquo;ai v\u00e9cu, o\u00f9 j\u2019ai mes racines; ma patrie me tendait les bras, comme si je lui avais manqu\u00e9 et lui avait \u00e9t\u00e9 infid\u00e8le\u2026! Alors que de mon c\u00f4t\u00e9, elle ne m\u2019avait jamais manqu\u00e9! Mais de retour sur le sol suisse, on retrouve vite ses marques, le confort d\u2019une vie o\u00f9 tout est bien organis\u00e9 et ordonn\u00e9, propre, bien r\u00e9gl\u00e9 et r\u00e9glement\u00e9. Et peu \u00e0 peu, on se r\u00e9ins\u00e8re dans une sorte de carcan. Certaines habitudes ont \u00e9t\u00e9 oubli\u00e9es, et il faut parfois fouiller au fond de sa m\u00e9moire pour les retrouver. Mais tout finit par rentrer dans l\u2019ordre. Comme il se doit! Car il faut bien le constater: ici, on est sur une autre plan\u00e8te! Comment c\u2019\u00e9tait? Magnifique, g\u00e9nial, enrichissant, passionnant, et ceci \u00e0 plus d\u2019un titre: du point de vue g\u00e9ographique, biologique, culturel, historique, mais aussi au niveau des contacts humains. Quelle chance nous avons eue de pouvoir d\u00e9couvrir tout ce que nous avions pr\u00e9vu, et m\u00eame plus! Et de profiter de cet extraordinaire espace de libert\u00e9 dont nous jouissions en tant que SDF de luxe(sans domicile fixe)! Oui, tout s\u2019est bien pass\u00e9, sans aucun p\u00e9pin majeur et sans aucune menace pour notre s\u00e9curit\u00e9, je tiens \u00e0 le souligner; car de nombreux pr\u00e9jug\u00e9s circulent \u00e0 ce sujet en Suisse, du fait qu\u2019on g\u00e9n\u00e9ralise \u00e0 partir de faits isol\u00e9s. \u00c9videmment il est d\u00e9conseill\u00e9 de se rendre dans certains quartiers, surtout la nuit, ce que nous avons bien s\u00fbr \u00e9vit\u00e9. En y repensant, j\u2019ai l\u2019impression d\u2019avoir v\u00e9cu un beau r\u00eave, et r\u00e9guli\u00e8rement me reviennent comme un flash l\u2019image d\u2019une rue, d\u2019un restaurant, d\u2019un parc, d\u2019un paysage, ou d\u2019un appartement o\u00f9 nous nous sommes sentis bien! Merci la vie!<\/p>\n\n\n\n<h3 class=\"wp-block-heading\">Notre programme de voyage d\u00e9taill\u00e9<\/h3>\n\n\n\n<p>Apr\u00e8s avoir subi de nombreuses modifications, voici le programme de voyage tel que nous l&rsquo;avons r\u00e9alis\u00e9.<\/p>\n\n\n\n<div data-wp-interactive=\"core\/file\" class=\"wp-block-file\" style=\"border-style:none;border-width:0px\"><object data-wp-bind--hidden=\"!state.hasPdfPreview\" hidden class=\"wp-block-file__embed\" data=\"https:\/\/gurtner.net\/wp-content\/uploads\/2024\/11\/Programme-definitif.pdf\" type=\"application\/pdf\" style=\"width:100%;height:635px\" aria-label=\"Contenu embarqu\u00e9 Programme d\u00e9finitif.\"><\/object><a id=\"wp-block-file--media-5448e058-c06e-4e57-adbe-d35512bb5bcd\" href=\"https:\/\/gurtner.net\/wp-content\/uploads\/2024\/11\/Programme-definitif.pdf\">Programme d\u00e9finitif<\/a><a href=\"https:\/\/gurtner.net\/wp-content\/uploads\/2024\/11\/Programme-definitif.pdf\" class=\"wp-block-file__button wp-element-button\" download aria-describedby=\"wp-block-file--media-5448e058-c06e-4e57-adbe-d35512bb5bcd\">Cliquer sur le programme pour le d\u00e9rouler<\/a><\/div>\n\n\n\n<p><\/p>\n","protected":false},"excerpt":{"rendered":"<p>Longtemps li\u00e9 \u00e0 un point d\u2019interrogation, notre vol retour a finalement \u00e9t\u00e9 r\u00e9serv\u00e9 le 25 ao\u00fbt. Le sous-locataire ayant d\u00e9cid\u00e9 de quitter l\u2019appartement \u00e0 fin ao\u00fbt d\u00e9j\u00e0, notre rentr\u00e9e en Suisse \u00e9tait in\u00e9luctable. Car c\u2019est finalement gr\u00e2ce \u00e0 cette sous-location que nous avons pu financer un aussi long voyage. Il s\u2019agissait donc d\u2019une obligation mat\u00e9rielle, [&hellip;]<\/p>\n","protected":false},"author":1,"featured_media":0,"comment_status":"closed","ping_status":"","sticky":false,"template":"","format":"standard","meta":{"footnotes":""},"categories":[1],"tags":[],"class_list":["post-9667","post","type-post","status-publish","format-standard","hentry","category-uncategorized"],"_links":{"self":[{"href":"https:\/\/gurtner.net\/index.php\/wp-json\/wp\/v2\/posts\/9667","targetHints":{"allow":["GET"]}}],"collection":[{"href":"https:\/\/gurtner.net\/index.php\/wp-json\/wp\/v2\/posts"}],"about":[{"href":"https:\/\/gurtner.net\/index.php\/wp-json\/wp\/v2\/types\/post"}],"author":[{"embeddable":true,"href":"https:\/\/gurtner.net\/index.php\/wp-json\/wp\/v2\/users\/1"}],"replies":[{"embeddable":true,"href":"https:\/\/gurtner.net\/index.php\/wp-json\/wp\/v2\/comments?post=9667"}],"version-history":[{"count":16,"href":"https:\/\/gurtner.net\/index.php\/wp-json\/wp\/v2\/posts\/9667\/revisions"}],"predecessor-version":[{"id":9692,"href":"https:\/\/gurtner.net\/index.php\/wp-json\/wp\/v2\/posts\/9667\/revisions\/9692"}],"wp:attachment":[{"href":"https:\/\/gurtner.net\/index.php\/wp-json\/wp\/v2\/media?parent=9667"}],"wp:term":[{"taxonomy":"category","embeddable":true,"href":"https:\/\/gurtner.net\/index.php\/wp-json\/wp\/v2\/categories?post=9667"},{"taxonomy":"post_tag","embeddable":true,"href":"https:\/\/gurtner.net\/index.php\/wp-json\/wp\/v2\/tags?post=9667"}],"curies":[{"name":"wp","href":"https:\/\/api.w.org\/{rel}","templated":true}]}}